{"id":463,"count":4,"description":"Transportieren Sie Ihre Fahrr\u00e4der oder erweitern Sie Ihre Ladekapazit\u00e4t mit einem Fahrradtr\u00e4ger, der an Wohnmobil, Kastenwagen oder einen Van angepasst ist. Neue oder gebrauchte Modelle zum Verkauf, f\u00fcr Fahrgestell, Heckklappe oder Anh\u00e4ngerkupplung.","link":"https:\/\/www.mycampermarket.com\/de\/categorie-accessoires\/porte-velos\/","name":"Fahrradst\u00e4nder","slug":"porte-velos","taxonomy":"categorie-accessoires","parent":456,"meta":[],"_links":{"self":[{"href":"https:\/\/www.mycampermarket.com\/de\/wp-json\/wp\/v2\/categorie-accessoires\/463","targetHints":{"allow":["GET"]}}],"collection":[{"href":"https:\/\/www.mycampermarket.com\/de\/wp-json\/wp\/v2\/categorie-accessoires"}],"about":[{"href":"https:\/\/www.mycampermarket.com\/de\/wp-json\/wp\/v2\/taxonomies\/categorie-accessoires"}],"up":[{"embeddable":true,"href":"https:\/\/www.mycampermarket.com\/de\/wp-json\/wp\/v2\/categorie-accessoires\/456"}],"wp:post_type":[{"href":"https:\/\/www.mycampermarket.com\/de\/wp-json\/wp\/v2\/accessoires?categorie-accessoires=463"}],"curies":[{"name":"wp","href":"https:\/\/api.w.org\/{rel}","templated":true}]}}