{"id":140,"count":11,"description":"Die Pyr\u00e9n\u00e9es-Atlantiques liegen im S\u00fcdwesten Frankreichs und bieten eine beeindruckende Vielfalt an Landschaften, die von den Str\u00e4nden der baskischen K\u00fcste bis zu den majest\u00e4tischen Gipfeln der Pyren\u00e4en reichen. Die Region ist ein wahres Paradies f\u00fcr Naturliebhaber und Wanderbegeisterte. St\u00e4dte wie Biarritz und Bayonne sind ber\u00fchmt f\u00fcr ihre Str\u00e4nde, Festivals und ihr reiches kulturelles Erbe. Pau mit seinem historischen Schloss bietet einen atemberaubenden Blick auf die umliegenden Berge. Auch die Gastronomie ist hier ein gro\u00dfer Trumpf, mit Spezialit\u00e4ten wie dem Bayonne-Schinken und dem Ossau-Iraty-K\u00e4se. Das milde und gem\u00e4\u00dfigte Klima erm\u00f6glicht es, das ganze Jahr \u00fcber Aktivit\u00e4ten im Freien zu genie\u00dfen. Das Baskenland mit seinen einzigartigen Traditionen und seiner eigenen Sprache f\u00fcgt dieser an Attraktionen ohnehin schon reichen Region eine faszinierende kulturelle Dimension hinzu. Ob Sie nun auf der Suche nach Entspannung oder Abenteuer sind, die Pyr\u00e9n\u00e9es-Atlantiques versprechen Ihnen ein unvergessliches Erlebnis.","link":"https:\/\/www.mycampermarket.com\/de\/camping-car\/64-pyrenees-atlantiques\/","name":"64 Pyren\u00e4en-Atlantik","slug":"64-atlantische-pyrenaen","taxonomy":"localisation","parent":37,"meta":[],"_links":{"self":[{"href":"https:\/\/www.mycampermarket.com\/de\/wp-json\/wp\/v2\/localisation\/140","targetHints":{"allow":["GET"]}}],"collection":[{"href":"https:\/\/www.mycampermarket.com\/de\/wp-json\/wp\/v2\/localisation"}],"about":[{"href":"https:\/\/www.mycampermarket.com\/de\/wp-json\/wp\/v2\/taxonomies\/localisation"}],"up":[{"embeddable":true,"href":"https:\/\/www.mycampermarket.com\/de\/wp-json\/wp\/v2\/localisation\/37"}],"wp:post_type":[{"href":"https:\/\/www.mycampermarket.com\/de\/wp-json\/wp\/v2\/annonces?localisation=140"},{"href":"https:\/\/www.mycampermarket.com\/de\/wp-json\/wp\/v2\/accessoires?localisation=140"},{"href":"https:\/\/www.mycampermarket.com\/de\/wp-json\/wp\/v2\/pro?localisation=140"},{"href":"https:\/\/www.mycampermarket.com\/de\/wp-json\/wp\/v2\/caravanes?localisation=140"}],"curies":[{"name":"wp","href":"https:\/\/api.w.org\/{rel}","templated":true}]}}