{"id":144,"count":1,"description":"Die Haute-Sa\u00f4ne ist eine Region im Osten Frankreichs, die f\u00fcr ihre gr\u00fcnen Landschaften und ihr reiches kulturelles Erbe bekannt ist. Sie ist durchzogen von dichten W\u00e4ldern, gewundenen Fl\u00fcssen wie der Sa\u00f4ne und sanften H\u00fcgeln, die eine ideale Umgebung f\u00fcr Naturliebhaber und Wanderer bieten. Vesoul, die Pr\u00e4fektur, ist eine charmante Stadt mit einer gut erhaltenen Altstadt, in der man traditionelle Architektur bewundern und lokale kulinarische Spezialit\u00e4ten genie\u00dfen kann. Die Region ist auch f\u00fcr ihre Thermalb\u00e4der bekannt, insbesondere in Luxeuil-les-Bains, einem beliebten Kurort mit wohltuendem Wasser. Das Klima in der Haute-Sa\u00f4ne ist kontinental mit kalten Wintern und milden Sommern, sodass Sie das ganze Jahr \u00fcber viel Spa\u00df bei Aktivit\u00e4ten im Freien haben k\u00f6nnen. Wenn Sie die Haute-Sa\u00f4ne erkunden, werden Sie eine fesselnde Mischung aus Natur und Kultur entdecken, mit lokalen Festivals, Museen und Schl\u00f6ssern, die die faszinierende Geschichte dieser authentischen franz\u00f6sischen Region erz\u00e4hlen.","link":"https:\/\/www.mycampermarket.com\/de\/camping-car\/70-haute-saone\/","name":"70 Haute-Sa\u00f4ne","slug":"70-haute-saone","taxonomy":"localisation","parent":37,"meta":[],"_links":{"self":[{"href":"https:\/\/www.mycampermarket.com\/de\/wp-json\/wp\/v2\/localisation\/144","targetHints":{"allow":["GET"]}}],"collection":[{"href":"https:\/\/www.mycampermarket.com\/de\/wp-json\/wp\/v2\/localisation"}],"about":[{"href":"https:\/\/www.mycampermarket.com\/de\/wp-json\/wp\/v2\/taxonomies\/localisation"}],"up":[{"embeddable":true,"href":"https:\/\/www.mycampermarket.com\/de\/wp-json\/wp\/v2\/localisation\/37"}],"wp:post_type":[{"href":"https:\/\/www.mycampermarket.com\/de\/wp-json\/wp\/v2\/annonces?localisation=144"},{"href":"https:\/\/www.mycampermarket.com\/de\/wp-json\/wp\/v2\/accessoires?localisation=144"},{"href":"https:\/\/www.mycampermarket.com\/de\/wp-json\/wp\/v2\/pro?localisation=144"},{"href":"https:\/\/www.mycampermarket.com\/de\/wp-json\/wp\/v2\/caravanes?localisation=144"}],"curies":[{"name":"wp","href":"https:\/\/api.w.org\/{rel}","templated":true}]}}