{"id":164,"count":5,"description":"Die Ard\u00e8che ist eine Region im S\u00fcdosten Frankreichs, die f\u00fcr ihre malerischen Landschaften und ihr reiches Naturerbe bekannt ist. Sie wird vom Fluss Ard\u00e8che durchquert, der beeindruckende Schluchten geformt hat, die ideal f\u00fcr Kanufahrer und Wanderer sind. Der Pont d'Arc, ein majest\u00e4tischer nat\u00fcrlicher Bogen, ist eine der symboltr\u00e4chtigen Sehensw\u00fcrdigkeiten der Region. Malerische D\u00f6rfer wie Balazuc und Vog\u00fc\u00e9, die zu den sch\u00f6nsten D\u00f6rfern Frankreichs z\u00e4hlen, bieten einen Einblick in die traditionelle Steinarchitektur. Die Ard\u00e8che ist auch f\u00fcr ihre pr\u00e4historischen H\u00f6hlen ber\u00fchmt, insbesondere die Chauvet-H\u00f6hle, die einige der \u00e4ltesten H\u00f6hlenmalereien der Welt beherbergt. Das Klima ist mild und sonnig, vor allem im Sommer, was die Ard\u00e8che das ganze Jahr \u00fcber zu einem attraktiven Reiseziel macht. Lokale M\u00e4rkte, Festivals und die Gastronomie mit Spezialit\u00e4ten wie Caillette und Picodon tragen zur kulturellen Attraktivit\u00e4t der Region bei. Die Ard\u00e8che ist ein Ort der Entdeckung und Flucht f\u00fcr Naturliebhaber und Geschichtsinteressierte.","link":"https:\/\/www.mycampermarket.com\/de\/camping-car\/07-ardeche\/","name":"07 Ard\u00e8che","slug":"07-ardeche","taxonomy":"localisation","parent":37,"meta":[],"_links":{"self":[{"href":"https:\/\/www.mycampermarket.com\/de\/wp-json\/wp\/v2\/localisation\/164","targetHints":{"allow":["GET"]}}],"collection":[{"href":"https:\/\/www.mycampermarket.com\/de\/wp-json\/wp\/v2\/localisation"}],"about":[{"href":"https:\/\/www.mycampermarket.com\/de\/wp-json\/wp\/v2\/taxonomies\/localisation"}],"up":[{"embeddable":true,"href":"https:\/\/www.mycampermarket.com\/de\/wp-json\/wp\/v2\/localisation\/37"}],"wp:post_type":[{"href":"https:\/\/www.mycampermarket.com\/de\/wp-json\/wp\/v2\/annonces?localisation=164"},{"href":"https:\/\/www.mycampermarket.com\/de\/wp-json\/wp\/v2\/accessoires?localisation=164"},{"href":"https:\/\/www.mycampermarket.com\/de\/wp-json\/wp\/v2\/pro?localisation=164"},{"href":"https:\/\/www.mycampermarket.com\/de\/wp-json\/wp\/v2\/caravanes?localisation=164"}],"curies":[{"name":"wp","href":"https:\/\/api.w.org\/{rel}","templated":true}]}}