{"id":219,"count":22,"description":"Das D\u00e9partement Var liegt im S\u00fcdosten Frankreichs und ist Teil der Region Provence-Alpes-C\u00f4te d'Azur. Es ist bekannt f\u00fcr seine atemberaubenden Landschaften, die von den Str\u00e4nden der C\u00f4te d'Azur bis zu den gr\u00fcnen Bergen im Hinterland reichen. St\u00e4dte wie Toulon, die Pr\u00e4fektur, und Saint-Tropez, der ber\u00fchmte Badeort, sind f\u00fcr Besucher ein Muss. Das mediterrane Klima des Var bietet hei\u00dfe, trockene Sommer und milde Winter, was es das ganze Jahr \u00fcber zu einem beliebten Reiseziel macht. Das Departement ist auch reich an provenzalischer Kultur, mit schmackhaften kulinarischen Traditionen, lokalen M\u00e4rkten und lebhaften Festivals. Naturliebhaber werden den Nationalpark Port-Cros, eine Oase der Artenvielfalt, und die Verdon-Schlucht, die sich perfekt f\u00fcr Aktivit\u00e4ten im Freien eignet, zu sch\u00e4tzen wissen. Ob Sie nun einen kulturellen Ausflug oder einen Aufenthalt in der Natur bevorzugen, das Var bietet eine Vielfalt, die jeden Reisetyp anspricht.","link":"https:\/\/www.mycampermarket.com\/de\/camping-car\/83-var\/","name":"83 Var","slug":"83-var","taxonomy":"localisation","parent":37,"meta":[],"_links":{"self":[{"href":"https:\/\/www.mycampermarket.com\/de\/wp-json\/wp\/v2\/localisation\/219","targetHints":{"allow":["GET"]}}],"collection":[{"href":"https:\/\/www.mycampermarket.com\/de\/wp-json\/wp\/v2\/localisation"}],"about":[{"href":"https:\/\/www.mycampermarket.com\/de\/wp-json\/wp\/v2\/taxonomies\/localisation"}],"up":[{"embeddable":true,"href":"https:\/\/www.mycampermarket.com\/de\/wp-json\/wp\/v2\/localisation\/37"}],"wp:post_type":[{"href":"https:\/\/www.mycampermarket.com\/de\/wp-json\/wp\/v2\/annonces?localisation=219"},{"href":"https:\/\/www.mycampermarket.com\/de\/wp-json\/wp\/v2\/accessoires?localisation=219"},{"href":"https:\/\/www.mycampermarket.com\/de\/wp-json\/wp\/v2\/pro?localisation=219"},{"href":"https:\/\/www.mycampermarket.com\/de\/wp-json\/wp\/v2\/caravanes?localisation=219"}],"curies":[{"name":"wp","href":"https:\/\/api.w.org\/{rel}","templated":true}]}}