{"id":38,"count":3,"description":"Freiburg liegt im Herzen der Schweiz und bezaubert durch seine kulturelle Vielfalt und seine malerischen Landschaften. Die Stadt Freiburg selbst ist ber\u00fchmt f\u00fcr ihre mittelalterliche Architektur, die historischen Br\u00fccken und die gepflasterten Stra\u00dfen, die zum Flanieren einladen. Wenn Sie sich \u00fcber die Stadt hinaus wagen, werden Sie atemberaubende Panoramen entdecken, von sanft geschwungenen H\u00fcgeln bis hin zu beeindruckenden Alpengipfeln. Die Region ist auch f\u00fcr ihre reiche kulinarische Tradition bekannt, mit Spezialit\u00e4ten wie K\u00e4sefondue. Freiburg ist ein idealer Ausgangspunkt, um die umliegende Natur zu erkunden, mit zahlreichen Wander- und Radwegen, die sich durch die Landschaft schl\u00e4ngeln. Das Klima in der Region ist gem\u00e4\u00dfigt und bietet angenehme Sommer und Winter, die sich f\u00fcr den Schneesport eignen. Im Sommer werden die Seen und Fl\u00fcsse der Region zu beliebten Orten zum Baden und f\u00fcr Wassersportaktivit\u00e4ten. Freiburg ist auch ein kultureller Knotenpunkt, mit zahlreichen Festivals und Veranstaltungen das ganze Jahr \u00fcber, bei denen Kunst, Musik und lokale Traditionen gefeiert werden. Egal, ob Sie Natur-, Kultur- oder Gastronomieliebhaber sind, Freiburg hat f\u00fcr jeden Besucher etwas zu bieten.","link":"https:\/\/www.mycampermarket.com\/de\/camping-car\/fribourg-fr\/","name":"Freiburg FR","slug":"fribourg-fr","taxonomy":"localisation","parent":34,"meta":[],"_links":{"self":[{"href":"https:\/\/www.mycampermarket.com\/de\/wp-json\/wp\/v2\/localisation\/38","targetHints":{"allow":["GET"]}}],"collection":[{"href":"https:\/\/www.mycampermarket.com\/de\/wp-json\/wp\/v2\/localisation"}],"about":[{"href":"https:\/\/www.mycampermarket.com\/de\/wp-json\/wp\/v2\/taxonomies\/localisation"}],"up":[{"embeddable":true,"href":"https:\/\/www.mycampermarket.com\/de\/wp-json\/wp\/v2\/localisation\/34"}],"wp:post_type":[{"href":"https:\/\/www.mycampermarket.com\/de\/wp-json\/wp\/v2\/annonces?localisation=38"},{"href":"https:\/\/www.mycampermarket.com\/de\/wp-json\/wp\/v2\/accessoires?localisation=38"},{"href":"https:\/\/www.mycampermarket.com\/de\/wp-json\/wp\/v2\/pro?localisation=38"},{"href":"https:\/\/www.mycampermarket.com\/de\/wp-json\/wp\/v2\/caravanes?localisation=38"}],"curies":[{"name":"wp","href":"https:\/\/api.w.org\/{rel}","templated":true}]}}