{"id":918,"count":1,"description":"La Catalogne, situ\u00e9e dans le nord-est de l'Espagne, est une r\u00e9gion riche en diversit\u00e9 culturelle et naturelle. Connue pour sa capitale, Barcelone, elle offre un m\u00e9lange unique de modernit\u00e9 et de tradition. Barcelone est c\u00e9l\u00e8bre pour ses chefs-d'\u0153uvre architecturaux, notamment ceux de Gaud\u00ed, tels que la Sagrada Familia et le Parc G\u00fcell. La r\u00e9gion est \u00e9galement dot\u00e9e de paysages vari\u00e9s, allant des plages dor\u00e9es de la Costa Brava aux montagnes escarp\u00e9es des Pyr\u00e9n\u00e9es. Les amateurs de plein air appr\u00e9cieront les nombreux parcs naturels, parfaits pour la randonn\u00e9e et l'exploration. La cuisine catalane est un d\u00e9lice pour les papilles, avec des plats embl\u00e9matiques comme la fideu\u00e0 et la crema catalana. Le climat m\u00e9diterran\u00e9en de la r\u00e9gion garantit des \u00e9t\u00e9s chauds et des hivers doux, id\u00e9al pour profiter des activit\u00e9s en plein air tout au long de l'ann\u00e9e. La Catalogne est \u00e9galement riche en festivals et traditions, offrant une exp\u00e9rience culturelle vivante et authentique. Que vous soyez attir\u00e9 par l'histoire, la nature ou la gastronomie, la Catalogne a de quoi s\u00e9duire tous les voyageurs.","link":"https:\/\/www.mycampermarket.com\/de\/camping-car\/espagne\/","name":"Spanien","slug":"espagne","taxonomy":"localisation","parent":0,"meta":[],"_links":{"self":[{"href":"https:\/\/www.mycampermarket.com\/de\/wp-json\/wp\/v2\/localisation\/918","targetHints":{"allow":["GET"]}}],"collection":[{"href":"https:\/\/www.mycampermarket.com\/de\/wp-json\/wp\/v2\/localisation"}],"about":[{"href":"https:\/\/www.mycampermarket.com\/de\/wp-json\/wp\/v2\/taxonomies\/localisation"}],"wp:post_type":[{"href":"https:\/\/www.mycampermarket.com\/de\/wp-json\/wp\/v2\/annonces?localisation=918"},{"href":"https:\/\/www.mycampermarket.com\/de\/wp-json\/wp\/v2\/accessoires?localisation=918"},{"href":"https:\/\/www.mycampermarket.com\/de\/wp-json\/wp\/v2\/pro?localisation=918"},{"href":"https:\/\/www.mycampermarket.com\/de\/wp-json\/wp\/v2\/caravanes?localisation=918"}],"curies":[{"name":"wp","href":"https:\/\/api.w.org\/{rel}","templated":true}]}}