{"id":9,"count":7,"description":"Die Wohnkabine f\u00fcr Pickup bietet eine flexible und modulare Ausbaul\u00f6sung, die es erm\u00f6glicht, ein Nutzfahrzeug beizubehalten und gleichzeitig \u00fcber einen Schlaf- und Wohnbereich f\u00fcr Reisen zu verf\u00fcgen. Ihr abnehmbarer Charakter erleichtert die Anpassung an verschiedene Verwendungszwecke, vom Alltag bis hin zu Ausfl\u00fcgen.\nBeim Kauf einer gebrauchten Wohnkabine f\u00fcr Pickup ist es wichtig, die Kompatibilit\u00e4t mit dem Tr\u00e4gerfahrzeug, das Gewicht der Kabine, die Befestigungssysteme sowie den allgemeinen Zustand des Ausbaus zu pr\u00fcfen.","link":"https:\/\/www.mycampermarket.com\/de\/occasion\/cellule-pickup\/","name":"Wohnkabine f\u00fcr Pickup","slug":"wohnkabine-pickup","taxonomy":"type-de-vehicule","parent":0,"meta":{"term-icon":"65813","dmedia_h1_type":"Cellules pickup d\u2019occasion","dmedia_h2_type":"Pourquoi choisir une cellule pickup d\u2019occasion ?","dmedia_des_type":"La cellule pickup est un am\u00e9nagement amovible con\u00e7u pour \u00eatre install\u00e9 sur la benne d\u2019un pickup. Retrouvez ici les annonces de cellules pickup d\u2019occasion, propos\u00e9es seules ou d\u00e9j\u00e0 mont\u00e9es sur un v\u00e9hicule, et filtrez selon le budget ou les \u00e9quipements.","dmedia_faq_type":"<section class=\"faq\">\r\n  <h2>FAQ \u2013 Cellules pickup<\/h2>\r\n\r\n  <div class=\"faq-item\">\r\n    <h3>Une cellule pickup peut-elle \u00eatre utilis\u00e9e sans 4x4 ?<\/h3>\r\n    <p>Oui. Une cellule pickup peut \u00eatre mont\u00e9e sur des pickups deux roues motrices, \u00e0 condition que la charge utile soit suffisante.<\/p>\r\n  <\/div>\r\n\r\n  <div class=\"faq-item\">\r\n    <h3>La cellule pickup est-elle facile \u00e0 retirer ?<\/h3>\r\n    <p>La plupart des cellules sont con\u00e7ues pour \u00eatre d\u00e9mont\u00e9es, mais la facilit\u00e9 d\u00e9pend du mod\u00e8le et du syst\u00e8me de fixation.<\/p>\r\n  <\/div>\r\n<\/section>","dmedia_liens_autres_type":"<span class=\"ttr_lnk_type\">Autres v\u00e9hicules am\u00e9nag\u00e9s<\/span>\r\n<a href=\"https:\/\/www.mycampermarket.com\/occasion\/bus-amenage\/\">- Bus am\u00e9nag\u00e9<\/a><br>\r\n<a href=\"https:\/\/www.mycampermarket.com\/occasion\/camion-amenage\/\">- Camion am\u00e9nag\u00e9<\/a><br>\r\n<a href=\"https:\/\/www.mycampermarket.com\/occasion\/vehicule-avec-tente-de-toit\/\">- V\u00e9hicule avec tente de toit<\/a><br>\r\n<a href=\"https:\/\/www.mycampermarket.com\/occasion\/vehicule-expedition\/\">- V\u00e9hicule d\u2019exp\u00e9dition<\/a><br>\r\n<a href=\"https:\/\/www.mycampermarket.com\/4x4-amenage\/\">- V\u00e9hicule am\u00e9nag\u00e9 4x4<\/a><br><br>\r\n<a href=\"https:\/\/www.mycampermarket.com\/autres-vehicules-amenages\/\">\r\n<b>\u2190 Retour : Autres v\u00e9hicules am\u00e9nag\u00e9s<\/b><\/a><br>","list-number":"0"},"_links":{"self":[{"href":"https:\/\/www.mycampermarket.com\/de\/wp-json\/wp\/v2\/type-de-vehicule\/9","targetHints":{"allow":["GET"]}}],"collection":[{"href":"https:\/\/www.mycampermarket.com\/de\/wp-json\/wp\/v2\/type-de-vehicule"}],"about":[{"href":"https:\/\/www.mycampermarket.com\/de\/wp-json\/wp\/v2\/taxonomies\/type-de-vehicule"}],"wp:post_type":[{"href":"https:\/\/www.mycampermarket.com\/de\/wp-json\/wp\/v2\/annonces?type-de-vehicule=9"}],"curies":[{"name":"wp","href":"https:\/\/api.w.org\/{rel}","templated":true}]}}