{"id":166,"count":3,"description":"L'Ari\u00e8ge, nel cuore dei Pirenei, \u00e8 una regione ricca di paesaggi naturali e patrimonio storico. Offre una variet\u00e0 di montagne, valli verdi e fiumi cristallini, perfetti per gli amanti della vita all'aria aperta. Foix, il capoluogo, \u00e8 famoso per il suo imponente castello medievale, che domina la citt\u00e0 e offre una spettacolare vista panoramica. La regione \u00e8 famosa anche per le sue grotte preistoriche, come quelle di Niaux e Mas-d'Azil, che ospitano affascinanti pitture rupestri. Villaggi pittoreschi come Saint-Lizier, annoverato tra i pi\u00f9 bei villaggi di Francia, testimoniano la ricchezza culturale e architettonica dell'Ari\u00e8ge. Il clima \u00e8 mite, con estati calde e inverni ideali per gli sport invernali nelle stazioni sciistiche locali. L'Ari\u00e8ge \u00e8 un punto di riferimento gastronomico, con specialit\u00e0 regionali come la cassoulet, il formaggio Bethmale e i salumi tradizionali. I festival e gli eventi locali offrono un assaggio della vivace vita culturale della regione durante tutto l'anno.","link":"https:\/\/www.mycampermarket.com\/it\/camping-car\/09-ariege\/","name":"09 Ari\u00e8ge","slug":"09-ariege","taxonomy":"localisation","parent":37,"meta":[],"_links":{"self":[{"href":"https:\/\/www.mycampermarket.com\/it\/wp-json\/wp\/v2\/localisation\/166","targetHints":{"allow":["GET"]}}],"collection":[{"href":"https:\/\/www.mycampermarket.com\/it\/wp-json\/wp\/v2\/localisation"}],"about":[{"href":"https:\/\/www.mycampermarket.com\/it\/wp-json\/wp\/v2\/taxonomies\/localisation"}],"up":[{"embeddable":true,"href":"https:\/\/www.mycampermarket.com\/it\/wp-json\/wp\/v2\/localisation\/37"}],"wp:post_type":[{"href":"https:\/\/www.mycampermarket.com\/it\/wp-json\/wp\/v2\/annonces?localisation=166"},{"href":"https:\/\/www.mycampermarket.com\/it\/wp-json\/wp\/v2\/accessoires?localisation=166"},{"href":"https:\/\/www.mycampermarket.com\/it\/wp-json\/wp\/v2\/pro?localisation=166"},{"href":"https:\/\/www.mycampermarket.com\/it\/wp-json\/wp\/v2\/caravanes?localisation=166"}],"curies":[{"name":"wp","href":"https:\/\/api.w.org\/{rel}","templated":true}]}}